{"id":99539,"date":"2022-09-20T16:08:05","date_gmt":"2022-09-20T21:08:05","guid":{"rendered":"https:\/\/diariolanoticia.com.mx\/?p=99539"},"modified":"2022-09-20T16:08:06","modified_gmt":"2022-09-20T21:08:06","slug":"aprueban-diputadas-y-diputados-reformas-a-la-ley-de-asistencia-social-de-tlaxcala","status":"publish","type":"post","link":"https:\/\/diariolanoticia.com.mx\/?p=99539","title":{"rendered":"Aprueban diputadas y diputados reformas a la Ley de Asistencia Social de Tlaxcala"},"content":{"rendered":"\n<p>&nbsp;&nbsp;&nbsp;&nbsp;&nbsp;&nbsp;&nbsp;&nbsp;&nbsp;&nbsp;&nbsp;&nbsp;&nbsp;&nbsp;&nbsp;&nbsp;&nbsp;&nbsp;&nbsp;&nbsp; &nbsp;Tlaxcala, Tlax., a 20 de septiembre 2022<\/p>\n\n\n\n<p>Las y los diputados integrantes de la LXIV Legislatura del Congreso del Estado, aprobaron diversas reformas, adiciones y derogaciones de la Ley de Asistencia Social para el Estado de Tlaxcala, a fin de atender con urgencia a las personas en la materia, incorporar lenguaje incluyente, as\u00ed como armonizar las funciones de la Procuradur\u00eda para la Protecci\u00f3n de Ni\u00f1as, Ni\u00f1os y Adolescentes.<\/p>\n\n\n\n<p>La iniciativa con car\u00e1cter de preferente y remitida por la titular del Poder Ejecutivo, Lorena Cu\u00e9llar Cisneros, busca actualizar el marco jur\u00eddico de la Ley para permitir ejecutar acciones en atenci\u00f3n a grupos vulnerables, establecido en el Plan Estatal de Desarrollo (PED), y no contravenir en el ejercicio del respeto a los derechos humanos de todas las personas, por parte del Sistema Estatal para el Desarrollo Integral de la Familia (SEDIF).<\/p>\n\n\n\n<p>En la m\u00e1xima tribuna del Estado, la diputada Maribel Le\u00f3n Cruz dio lectura al dictamen de las Comisiones Unidas de Puntos Constitucionales, Gobernaci\u00f3n y Justicia y Asuntos Pol\u00edticos, de la Familia y Desarrollo Integral, y Derechos Humanos, Grupos Vulnerables y Derecho de Ni\u00f1as, Ni\u00f1os y Adolescentes durante la s\u00e9ptima sesi\u00f3n ordinaria del primer periodo del segundo a\u00f1o de ejercicio legal.<\/p>\n\n\n\n<p>De esta manera, se aprob\u00f3 la inserci\u00f3n de un lenguaje incluyente que a su vez permite la eliminaci\u00f3n de terminolog\u00edas aplicadas, que en la actualidad resultan t\u00e9rminos discriminatorios, la reforma tambi\u00e9n contempla la ampliaci\u00f3n del concepto de asistencia social, con el que se prev\u00e9n las distintas percepciones de vulnerabilidad necesarias en cumplimiento a lo propuesto por la Comisi\u00f3n Nacional de Derechos Humanos (CNDH).<\/p>\n\n\n\n<p>Tambi\u00e9n se considera la forma de armonizar la Ley de Asistencia Social con la Ley General de Derechos de las Ni\u00f1as, Ni\u00f1os y Adolescentes y la Ley de Derechos de las Ni\u00f1as, Ni\u00f1os y Adolescentes del Estado de Tlaxcala, a fin de garantizar el oportuno cumplimiento de las atribuciones y facultades de la Procuradur\u00eda para la Protecci\u00f3n de Ni\u00f1as, Ni\u00f1os y Adolescentes parte del Sistema Estatal de Desarrollo Integral de la Familia.<\/p>\n\n\n\n<p>Con el firme objetivo de otorgar coherencia legislativa a las adecuaciones, que permitan el reconocimiento de los grupos vulnerables y garant\u00eda de la asistencia social en el Estado, se consider\u00f3 necesario la derogaci\u00f3n de los art\u00edculos 24,48 y 50 de la Ley de Asistencia Social para el Estado.<\/p>\n\n\n\n<p>De esta manera, las y los integrantes de la LXIV legislatura del Estado garantizan las adecuaciones legislativas correspondientes, para ejecutar el debido respeto de los derechos humanos de los grupos hist\u00f3ricamente vulnerados, el trabajo coordinado entre poderes y lograr el bienestar de las y los tlaxcaltecas.<\/p>\n","protected":false},"excerpt":{"rendered":"<p>&nbsp;&nbsp;&nbsp;&nbsp;&nbsp;&nbsp;&nbsp;&nbsp;&nbsp;&nbsp;&nbsp;&nbsp;&nbsp;&nbsp;&nbsp;&nbsp;&nbsp;&nbsp;&nbsp;&nbsp; &nbsp;Tlaxcala, Tlax., a 20 de septiembre 2022 Las y los diputados integrantes de la LXIV Legislatura del Congreso del Estado, aprobaron diversas reformas, adiciones y derogaciones de la Ley de Asistencia Social para el Estado de Tlaxcala, a fin de atender con urgencia a las personas en la materia, incorporar lenguaje incluyente, as\u00ed como [&hellip;]<\/p>\n","protected":false},"author":1,"featured_media":99540,"comment_status":"open","ping_status":"open","sticky":false,"template":"","format":"standard","meta":{"footnotes":""},"categories":[22],"tags":[],"class_list":["post-99539","post","type-post","status-publish","format-standard","has-post-thumbnail","hentry","category-congreso"],"blog_post_layout_featured_media_urls":{"thumbnail":["https:\/\/diariolanoticia.com.mx\/wp-content\/uploads\/2022\/09\/VOTACION-GENERAL-216x160.jpg",216,160,true],"full":["https:\/\/diariolanoticia.com.mx\/wp-content\/uploads\/2022\/09\/VOTACION-GENERAL-scaled.jpg",2560,1263,false]},"categories_names":{"22":{"name":"Congreso","link":"https:\/\/diariolanoticia.com.mx\/?cat=22"}},"tags_names":[],"comments_number":"0","wpmagazine_modules_lite_featured_media_urls":{"thumbnail":["https:\/\/diariolanoticia.com.mx\/wp-content\/uploads\/2022\/09\/VOTACION-GENERAL-216x160.jpg",216,160,true],"cvmm-medium":["https:\/\/diariolanoticia.com.mx\/wp-content\/uploads\/2022\/09\/VOTACION-GENERAL-300x300.jpg",300,300,true],"cvmm-medium-plus":["https:\/\/diariolanoticia.com.mx\/wp-content\/uploads\/2022\/09\/VOTACION-GENERAL-305x207.jpg",305,207,true],"cvmm-portrait":["https:\/\/diariolanoticia.com.mx\/wp-content\/uploads\/2022\/09\/VOTACION-GENERAL-400x600.jpg",400,600,true],"cvmm-medium-square":["https:\/\/diariolanoticia.com.mx\/wp-content\/uploads\/2022\/09\/VOTACION-GENERAL-600x600.jpg",600,600,true],"cvmm-large":["https:\/\/diariolanoticia.com.mx\/wp-content\/uploads\/2022\/09\/VOTACION-GENERAL-1024x1024.jpg",1024,1024,true],"cvmm-small":["https:\/\/diariolanoticia.com.mx\/wp-content\/uploads\/2022\/09\/VOTACION-GENERAL-130x95.jpg",130,95,true],"full":["https:\/\/diariolanoticia.com.mx\/wp-content\/uploads\/2022\/09\/VOTACION-GENERAL-scaled.jpg",2560,1263,false]},"_links":{"self":[{"href":"https:\/\/diariolanoticia.com.mx\/index.php?rest_route=\/wp\/v2\/posts\/99539","targetHints":{"allow":["GET"]}}],"collection":[{"href":"https:\/\/diariolanoticia.com.mx\/index.php?rest_route=\/wp\/v2\/posts"}],"about":[{"href":"https:\/\/diariolanoticia.com.mx\/index.php?rest_route=\/wp\/v2\/types\/post"}],"author":[{"embeddable":true,"href":"https:\/\/diariolanoticia.com.mx\/index.php?rest_route=\/wp\/v2\/users\/1"}],"replies":[{"embeddable":true,"href":"https:\/\/diariolanoticia.com.mx\/index.php?rest_route=%2Fwp%2Fv2%2Fcomments&post=99539"}],"version-history":[{"count":1,"href":"https:\/\/diariolanoticia.com.mx\/index.php?rest_route=\/wp\/v2\/posts\/99539\/revisions"}],"predecessor-version":[{"id":99541,"href":"https:\/\/diariolanoticia.com.mx\/index.php?rest_route=\/wp\/v2\/posts\/99539\/revisions\/99541"}],"wp:featuredmedia":[{"embeddable":true,"href":"https:\/\/diariolanoticia.com.mx\/index.php?rest_route=\/wp\/v2\/media\/99540"}],"wp:attachment":[{"href":"https:\/\/diariolanoticia.com.mx\/index.php?rest_route=%2Fwp%2Fv2%2Fmedia&parent=99539"}],"wp:term":[{"taxonomy":"category","embeddable":true,"href":"https:\/\/diariolanoticia.com.mx\/index.php?rest_route=%2Fwp%2Fv2%2Fcategories&post=99539"},{"taxonomy":"post_tag","embeddable":true,"href":"https:\/\/diariolanoticia.com.mx\/index.php?rest_route=%2Fwp%2Fv2%2Ftags&post=99539"}],"curies":[{"name":"wp","href":"https:\/\/api.w.org\/{rel}","templated":true}]}}