{"id":99542,"date":"2022-09-20T16:08:56","date_gmt":"2022-09-20T21:08:56","guid":{"rendered":"https:\/\/diariolanoticia.com.mx\/?p=99542"},"modified":"2022-09-20T16:08:57","modified_gmt":"2022-09-20T21:08:57","slug":"concreta-uatx-reacreditacion-de-diseno-textil","status":"publish","type":"post","link":"https:\/\/diariolanoticia.com.mx\/?p=99542","title":{"rendered":"Concreta UATx reacreditaci\u00f3n de Dise\u00f1o Textil"},"content":{"rendered":"\n<p>\u00b7&nbsp;&nbsp;&nbsp;&nbsp;&nbsp;&nbsp;&nbsp;&nbsp;&nbsp;<strong>Otorgada por el COMAPROD con vigencia de cuatro a\u00f1os<\/strong><\/p>\n\n\n\n<p>En el marco de la celebraci\u00f3n de su 15 aniversario, la Facultad de Dise\u00f1o, Arte y Arquitectura de la Universidad Aut\u00f3noma de Tlaxcala (UATx), recibi\u00f3 la constancia de reacreditaci\u00f3n de la Licenciatura en Dise\u00f1o Textil, por parte del Consejo Mexicano para la Acreditaci\u00f3n de Programas de Dise\u00f1o, A.C. (COMAPROD), con una vigencia de cuatro a\u00f1os, en evento realizado en las instalaciones del&nbsp;Centro Cultural Universitario (CCU).<\/p>\n\n\n\n<p>Al dirigir su mensaje a los mil cuatrocientos estudiantes que alberga dicha Facultad, el Doctor Seraf\u00edn Ortiz Ortiz, Rector de la UATx, se\u00f1al\u00f3 que, la m\u00e1xima Casa de Estudios, cumple su compromiso formativo con el impacto social que causan sus profesionistas en la transformaci\u00f3n de la sociedad mediante sus egresados de las cuatro licenciaturas que se imparten: Dise\u00f1o Textil, Artes Visuales, Dise\u00f1o Automotriz y Arquitectura.<\/p>\n\n\n\n<p>Subray\u00f3 que es satisfactorio recibir este documento de reacreditaci\u00f3n, hecho que permite sintetizar la calidad educativa que priva en la universidad, es decir, existen en ella buenos docentes y estudiantes, as\u00ed como resultados excelentes en materia de ense\u00f1anza, lo cual se manifiesta al formar parte del Consorcio de Universidades Mexicanas (CUMEx), por lo que la Aut\u00f3noma de Tlaxcala es catalogada como una de las mejores universidades del pa\u00eds.&nbsp;&nbsp;&nbsp;<\/p>\n\n\n\n<p>El Rector de la UATx afirm\u00f3 que, el alma m\u00e1ter de los tlaxcaltecas, seguir\u00e1 siendo el motor que lleve a remolque el desarrollo de nuestro pueblo, al entregar a la sociedad profesionistas competitivos que atiendan las necesidades de la comunidad.&nbsp;<\/p>\n\n\n\n<p>En su oportunidad, el Maestro Hugo Alberto Cabrera P\u00e9rez, Presidente del COMAPROD, apunt\u00f3 que, la m\u00e1xima Casa de Estudios culmin\u00f3 un proceso que debe ser reconocido, ya que la educaci\u00f3n&nbsp;es uno de los factores de mayor importancia para abatir las desigualdades econ\u00f3micas y sociales, es el elemento para acceder a mejores niveles de bienestar social, para&nbsp; tener mayores oportunidades de empleo as\u00ed como el desarrollo de las \u00e1reas sociales, comerciales,&nbsp; de emprendedurismo, industria y salud, e impulsa la ciencia, la tecnolog\u00eda y la innovaci\u00f3n.<\/p>\n\n\n\n<p>Expuso que, gracias al esfuerzo, compromiso y voluntad de sus autoridades y profesores, la comunidad estudiantil pertenece ya al grupo de estudiantes que est\u00e1n cursando un programa acad\u00e9mico universitario acreditado en este pa\u00eds, por ello, sus acciones estar\u00e1n encaminadas a fortalecer la educaci\u00f3n superior.<\/p>\n\n\n\n<p>A su vez, el Arquitecto Miguel Mois\u00e9s Garc\u00eda Oca, Director encargado de la Facultad de Dise\u00f1o, Arte y Arquitectura, destac\u00f3 que, en la UATx se tiene el deber de responder a las demandas locales y globales de quienes se forman en la instituci\u00f3n, en consecuencia, en este espacio educativo se cumple con este prop\u00f3sito y se abona con calidad al desarrollo de la colectividad.<\/p>\n\n\n\n<p>A este evento, se dieron cita, el Doctor H\u00e9ctor Israel Ortiz Ortiz, ex gobernador y ex rector; los secretarios de la UATx; la&nbsp;Maestra Citlali H. Xochitiotzin Ortega, Presidenta de la Fundaci\u00f3n Desiderio Hern\u00e1ndez Xochitiotzin; as\u00ed como acad\u00e9micos, alumnos, personal administrativo y de imagen de la Facultad.<\/p>\n","protected":false},"excerpt":{"rendered":"<p>\u00b7&nbsp;&nbsp;&nbsp;&nbsp;&nbsp;&nbsp;&nbsp;&nbsp;&nbsp;Otorgada por el COMAPROD con vigencia de cuatro a\u00f1os En el marco de la celebraci\u00f3n de su 15 aniversario, la Facultad de Dise\u00f1o, Arte y Arquitectura de la Universidad Aut\u00f3noma de Tlaxcala (UATx), recibi\u00f3 la constancia de reacreditaci\u00f3n de la Licenciatura en Dise\u00f1o Textil, por parte del Consejo Mexicano para la Acreditaci\u00f3n de Programas de [&hellip;]<\/p>\n","protected":false},"author":1,"featured_media":99543,"comment_status":"open","ping_status":"open","sticky":false,"template":"","format":"standard","meta":{"footnotes":""},"categories":[10],"tags":[],"class_list":["post-99542","post","type-post","status-publish","format-standard","has-post-thumbnail","hentry","category-educacion"],"blog_post_layout_featured_media_urls":{"thumbnail":["https:\/\/diariolanoticia.com.mx\/wp-content\/uploads\/2022\/09\/20-Concreta-UATx-reacreditacion-de-Diseno-Textil-216x160.jpg",216,160,true],"full":["https:\/\/diariolanoticia.com.mx\/wp-content\/uploads\/2022\/09\/20-Concreta-UATx-reacreditacion-de-Diseno-Textil.jpg",1418,946,false]},"categories_names":{"10":{"name":"Educaci\u00f3n","link":"https:\/\/diariolanoticia.com.mx\/?cat=10"}},"tags_names":[],"comments_number":"0","wpmagazine_modules_lite_featured_media_urls":{"thumbnail":["https:\/\/diariolanoticia.com.mx\/wp-content\/uploads\/2022\/09\/20-Concreta-UATx-reacreditacion-de-Diseno-Textil-216x160.jpg",216,160,true],"cvmm-medium":["https:\/\/diariolanoticia.com.mx\/wp-content\/uploads\/2022\/09\/20-Concreta-UATx-reacreditacion-de-Diseno-Textil-300x300.jpg",300,300,true],"cvmm-medium-plus":["https:\/\/diariolanoticia.com.mx\/wp-content\/uploads\/2022\/09\/20-Concreta-UATx-reacreditacion-de-Diseno-Textil-305x207.jpg",305,207,true],"cvmm-portrait":["https:\/\/diariolanoticia.com.mx\/wp-content\/uploads\/2022\/09\/20-Concreta-UATx-reacreditacion-de-Diseno-Textil-400x600.jpg",400,600,true],"cvmm-medium-square":["https:\/\/diariolanoticia.com.mx\/wp-content\/uploads\/2022\/09\/20-Concreta-UATx-reacreditacion-de-Diseno-Textil-600x600.jpg",600,600,true],"cvmm-large":["https:\/\/diariolanoticia.com.mx\/wp-content\/uploads\/2022\/09\/20-Concreta-UATx-reacreditacion-de-Diseno-Textil-1024x946.jpg",1024,946,true],"cvmm-small":["https:\/\/diariolanoticia.com.mx\/wp-content\/uploads\/2022\/09\/20-Concreta-UATx-reacreditacion-de-Diseno-Textil-130x95.jpg",130,95,true],"full":["https:\/\/diariolanoticia.com.mx\/wp-content\/uploads\/2022\/09\/20-Concreta-UATx-reacreditacion-de-Diseno-Textil.jpg",1418,946,false]},"_links":{"self":[{"href":"https:\/\/diariolanoticia.com.mx\/index.php?rest_route=\/wp\/v2\/posts\/99542","targetHints":{"allow":["GET"]}}],"collection":[{"href":"https:\/\/diariolanoticia.com.mx\/index.php?rest_route=\/wp\/v2\/posts"}],"about":[{"href":"https:\/\/diariolanoticia.com.mx\/index.php?rest_route=\/wp\/v2\/types\/post"}],"author":[{"embeddable":true,"href":"https:\/\/diariolanoticia.com.mx\/index.php?rest_route=\/wp\/v2\/users\/1"}],"replies":[{"embeddable":true,"href":"https:\/\/diariolanoticia.com.mx\/index.php?rest_route=%2Fwp%2Fv2%2Fcomments&post=99542"}],"version-history":[{"count":1,"href":"https:\/\/diariolanoticia.com.mx\/index.php?rest_route=\/wp\/v2\/posts\/99542\/revisions"}],"predecessor-version":[{"id":99544,"href":"https:\/\/diariolanoticia.com.mx\/index.php?rest_route=\/wp\/v2\/posts\/99542\/revisions\/99544"}],"wp:featuredmedia":[{"embeddable":true,"href":"https:\/\/diariolanoticia.com.mx\/index.php?rest_route=\/wp\/v2\/media\/99543"}],"wp:attachment":[{"href":"https:\/\/diariolanoticia.com.mx\/index.php?rest_route=%2Fwp%2Fv2%2Fmedia&parent=99542"}],"wp:term":[{"taxonomy":"category","embeddable":true,"href":"https:\/\/diariolanoticia.com.mx\/index.php?rest_route=%2Fwp%2Fv2%2Fcategories&post=99542"},{"taxonomy":"post_tag","embeddable":true,"href":"https:\/\/diariolanoticia.com.mx\/index.php?rest_route=%2Fwp%2Fv2%2Ftags&post=99542"}],"curies":[{"name":"wp","href":"https:\/\/api.w.org\/{rel}","templated":true}]}}