{"id":99585,"date":"2022-09-21T14:46:43","date_gmt":"2022-09-21T19:46:43","guid":{"rendered":"https:\/\/diariolanoticia.com.mx\/?p=99585"},"modified":"2022-09-21T14:46:43","modified_gmt":"2022-09-21T19:46:43","slug":"promueve-pepe-temoltzin-informacion-sobre-justicia-abierta-en-tlaxcala","status":"publish","type":"post","link":"https:\/\/diariolanoticia.com.mx\/?p=99585","title":{"rendered":"Promueve Pepe Temoltzin informaci\u00f3n sobre Justicia Abierta en Tlaxcala"},"content":{"rendered":"\n<p>El legislador, Jos\u00e9 Gilberto Temoltzin Mart\u00ednez, ha propiciado un ejercicio de consulta abierta desde el Congreso del Estado, con el objetivo de promover y acercar a la ciudadan\u00eda informaci\u00f3n en materia de Justicia Abierta, desde distintos puntos de vista, a trav\u00e9s del di\u00e1logo con las magistradas del Tribunal Superior de Justicia del Estado.<\/p>\n\n\n\n<p>En una primera edici\u00f3n, el congresista realiz\u00f3 una entrevista a la presidenta del Tribunal Superior de Justicia y del Consejo de la Judicatura, Mary Cruz Cort\u00e9s Ornelas, quien resalt\u00f3 la justicia abierta como un modelo de gesti\u00f3n, en el cual, el Poder Judicial coloca a la persona usuaria como eje central de su funci\u00f3n, a trav\u00e9s de la participaci\u00f3n ciudadana, la transparencia y la rendici\u00f3n de cuentas, como principios b\u00e1sicos de su actuaci\u00f3n.<\/p>\n\n\n\n<p>De visita en el Palacio Legislativo, la magistrada destac\u00f3 que desde el Poder Judicial se han llevado a cabo distintas capacitaciones que han permitido que se involucre cada d\u00eda m\u00e1s el lenguaje claro y sencillo, sobre todo en la redacci\u00f3n de sentencias, para que cualquier ciudadano o ciudadana pueda entender el proceso, esto como medida de acercamiento a la justicia, evitando tecnicismos que confundan al usuario.<\/p>\n\n\n\n<p>Tambi\u00e9n recalc\u00f3 que se est\u00e1 avanzando constantemente en la actualizaci\u00f3n, y a su vez, garantizar que el lenguaje sea correcto cuando los usuarios involucrados son menores de edad, personas con discapacidad y de los pueblos originarios, a fin de no privarlos de su derecho a la justicia.<\/p>\n\n\n\n<p>En ese mismo sentido, el parlamentario Jos\u00e9 Gilberto Temoltzin Mart\u00ednez, se\u00f1al\u00f3 que el motivo principal de la iniciativa de Justicia Abierta que fue presentada por \u00e9l ante el Pleno de la LXIV Legislatura, y aprobada por sus hom\u00f3logos, es garantizar que todas las personas tengan acceso a la justicia, pronta y expedita y que puedan conocer, a trav\u00e9s de un lenguaje sencillo, o bien, a trav\u00e9s de la traducci\u00f3n al braille, a la lengua de se\u00f1as mexicana (LSM), a lenguas maternas.<\/p>\n\n\n\n<p>Como representante del Partido Acci\u00f3n Nacional (PAN), dijo, que es de suma importancia que desde el Palacio Legislativo se promueva el tema, pues resulta un principio b\u00e1sico que abona de manera positiva al combate a la corrupci\u00f3n dentro y fuera del Poder Judicial, adem\u00e1s, tambi\u00e9n es importante que la gente sepa que se han implementado herramientas tecnol\u00f3gicas para dar seguimiento a los expedientes, lo que permite que la persona usuaria, no tenga que trasladarse directamente la sede para conocer el avance del mismo.<\/p>\n\n\n\n<p>Es as\u00ed como el asamble\u00edsta, Jos\u00e9 Gilberto Temoltzin, reafirm\u00f3 el compromiso que tiene de garantizar el acceso a la justicia para la ciudadan\u00eda, por lo cual, se estar\u00e1 trabajando de manera constante entre el poder Legislativo y el Judicial para promover el tema de justicia abierta como principio de una eficiente gobernanza y gobernabilidad.<\/p>\n","protected":false},"excerpt":{"rendered":"<p>El legislador, Jos\u00e9 Gilberto Temoltzin Mart\u00ednez, ha propiciado un ejercicio de consulta abierta desde el Congreso del Estado, con el objetivo de promover y acercar a la ciudadan\u00eda informaci\u00f3n en materia de Justicia Abierta, desde distintos puntos de vista, a trav\u00e9s del di\u00e1logo con las magistradas del Tribunal Superior de Justicia del Estado. En una [&hellip;]<\/p>\n","protected":false},"author":1,"featured_media":99586,"comment_status":"open","ping_status":"open","sticky":false,"template":"","format":"standard","meta":{"footnotes":""},"categories":[22],"tags":[],"class_list":["post-99585","post","type-post","status-publish","format-standard","has-post-thumbnail","hentry","category-congreso"],"blog_post_layout_featured_media_urls":{"thumbnail":["https:\/\/diariolanoticia.com.mx\/wp-content\/uploads\/2022\/09\/DIP.-JOSE-GILBERTO-TEMOLTZIN-216x160.jpg",216,160,true],"full":["https:\/\/diariolanoticia.com.mx\/wp-content\/uploads\/2022\/09\/DIP.-JOSE-GILBERTO-TEMOLTZIN.jpg",1024,682,false]},"categories_names":{"22":{"name":"Congreso","link":"https:\/\/diariolanoticia.com.mx\/?cat=22"}},"tags_names":[],"comments_number":"0","wpmagazine_modules_lite_featured_media_urls":{"thumbnail":["https:\/\/diariolanoticia.com.mx\/wp-content\/uploads\/2022\/09\/DIP.-JOSE-GILBERTO-TEMOLTZIN-216x160.jpg",216,160,true],"cvmm-medium":["https:\/\/diariolanoticia.com.mx\/wp-content\/uploads\/2022\/09\/DIP.-JOSE-GILBERTO-TEMOLTZIN-300x300.jpg",300,300,true],"cvmm-medium-plus":["https:\/\/diariolanoticia.com.mx\/wp-content\/uploads\/2022\/09\/DIP.-JOSE-GILBERTO-TEMOLTZIN-305x207.jpg",305,207,true],"cvmm-portrait":["https:\/\/diariolanoticia.com.mx\/wp-content\/uploads\/2022\/09\/DIP.-JOSE-GILBERTO-TEMOLTZIN-400x600.jpg",400,600,true],"cvmm-medium-square":["https:\/\/diariolanoticia.com.mx\/wp-content\/uploads\/2022\/09\/DIP.-JOSE-GILBERTO-TEMOLTZIN-600x600.jpg",600,600,true],"cvmm-large":["https:\/\/diariolanoticia.com.mx\/wp-content\/uploads\/2022\/09\/DIP.-JOSE-GILBERTO-TEMOLTZIN.jpg",1024,682,false],"cvmm-small":["https:\/\/diariolanoticia.com.mx\/wp-content\/uploads\/2022\/09\/DIP.-JOSE-GILBERTO-TEMOLTZIN-130x95.jpg",130,95,true],"full":["https:\/\/diariolanoticia.com.mx\/wp-content\/uploads\/2022\/09\/DIP.-JOSE-GILBERTO-TEMOLTZIN.jpg",1024,682,false]},"_links":{"self":[{"href":"https:\/\/diariolanoticia.com.mx\/index.php?rest_route=\/wp\/v2\/posts\/99585","targetHints":{"allow":["GET"]}}],"collection":[{"href":"https:\/\/diariolanoticia.com.mx\/index.php?rest_route=\/wp\/v2\/posts"}],"about":[{"href":"https:\/\/diariolanoticia.com.mx\/index.php?rest_route=\/wp\/v2\/types\/post"}],"author":[{"embeddable":true,"href":"https:\/\/diariolanoticia.com.mx\/index.php?rest_route=\/wp\/v2\/users\/1"}],"replies":[{"embeddable":true,"href":"https:\/\/diariolanoticia.com.mx\/index.php?rest_route=%2Fwp%2Fv2%2Fcomments&post=99585"}],"version-history":[{"count":1,"href":"https:\/\/diariolanoticia.com.mx\/index.php?rest_route=\/wp\/v2\/posts\/99585\/revisions"}],"predecessor-version":[{"id":99587,"href":"https:\/\/diariolanoticia.com.mx\/index.php?rest_route=\/wp\/v2\/posts\/99585\/revisions\/99587"}],"wp:featuredmedia":[{"embeddable":true,"href":"https:\/\/diariolanoticia.com.mx\/index.php?rest_route=\/wp\/v2\/media\/99586"}],"wp:attachment":[{"href":"https:\/\/diariolanoticia.com.mx\/index.php?rest_route=%2Fwp%2Fv2%2Fmedia&parent=99585"}],"wp:term":[{"taxonomy":"category","embeddable":true,"href":"https:\/\/diariolanoticia.com.mx\/index.php?rest_route=%2Fwp%2Fv2%2Fcategories&post=99585"},{"taxonomy":"post_tag","embeddable":true,"href":"https:\/\/diariolanoticia.com.mx\/index.php?rest_route=%2Fwp%2Fv2%2Ftags&post=99585"}],"curies":[{"name":"wp","href":"https:\/\/api.w.org\/{rel}","templated":true}]}}